{"id":4367,"date":"2019-08-26T09:21:41","date_gmt":"2019-08-26T09:21:41","guid":{"rendered":"https:\/\/cottlefirm.com\/?p=4367"},"modified":"2025-09-11T13:37:56","modified_gmt":"2025-09-11T13:37:56","slug":"carlin-nv-update-identities-of-deceased-released-from-head-on-crash-at-nv-766","status":"publish","type":"post","link":"https:\/\/cottlefirm.com\/es\/2019\/08\/26\/carlin-nv-update-identities-of-deceased-released-from-head-on-crash-at-nv-766\/","title":{"rendered":"Carlin, NV-UPDATE- Identities Of Deceased Released From Head-On Crash At NV-766"},"content":{"rendered":"<h3 class=\"wp-block-heading\">Carlin, NV (August 26, 2019)<\/h3>\n\n\n\n<p>UPDATE-The identities of the deceased from Saturday\u2019s crash in the northeast Valley between a tractor-trailer and a bus carrying mineworkers have been identified.<\/p>\n\n\n\n<p>The Eureka County Sheriff\u2019s Office confirmed the driver of the Pilot Thomas truck was Andrew G. Nash, 29, of Spring Creek. A bus passenger was identified as Rocky D. Witt, 62, of Spring Creek. Both were dead at the scene.<\/p>\n\n\n\n<p>The incident occurred when the tractor-trailer truck crossed the center line and collided with the bus. 20 mineworkers were passengers on the bus at the time of the crash. The accident took place on Saturday morning, around 6:35 a.m. on Nevada 766 which is located approximately 6 miles north from Carlin. The accident was the result of a head-on collision.<\/p>\n\n\n\n<p>Our thoughts are with the injured parties in Saturday\u2019s crash and with the families of the deceased at this time.<\/p>\n\n\n\n<h2 class=\"wp-block-heading\">Carlin Car Accident Attorneys<\/h2>\n\n\n\n<p>In 2017, almost 5,000 large vehicles consisting of trucks as well as buses were involved in fatal traffic crashes. This number was increased by 9{88e349d5decac9e367401df59c8a5daea38c8be20f3485723a835d333268b5d9} from the previous year. From 2016 through 2017, the fatal crashes that involved large buses and trucks increased by almost 7{88e349d5decac9e367401df59c8a5daea38c8be20f3485723a835d333268b5d9}. When larger vehicles are involved in car accidents the outcomes are often severe if not deadly. The sheer weight and momentum of these vehicles along with speed is an extremely dangerous combination.<\/p>\n\n\n\n<p>La empresa Cottle<a href=\"https:\/\/cottlefirm.com\/es\/las-vegas-car-accident-lawyer\/\" target=\"_blank\" rel=\"noreferrer noopener\"> Abogados de accidentes automovil\u00edsticos en Las Vegas<\/a> are here to help victims of accidents where injuries or wrongful deaths have occurred. We can build strong claims and provide effective legal representation for you as you go through the personal injury claim process. Our track record of success includes obtaining over a quarter of a billion dollars in compensation for our clients.<\/p>\n\n\n\n<p>Call our <a href=\"https:\/\/cottlefirm.com\/es\/\" target=\"_blank\" rel=\"noreferrer noopener\">Abogados de lesiones personales en Las Vegas<\/a> today to set up a consultation at 702-722-6111 and speak to one of our <a href=\"https:\/\/cottlefirm.com\/es\/contact-us\/\" target=\"_blank\" rel=\"noreferrer noopener\">Nevada wrongful death attorneys<\/a> about your experience.<\/p>\n\n\n\n<h3 class=\"wp-block-heading\">Nota:<\/h3>\n\n\n\n<p>Para crear estas historias, se utilizaron fuentes externas con respecto a los hechos e informaci\u00f3n b\u00e1sicos incluidos en el art\u00edculo. Estas fuentes incluyen boletines de noticias y relatos de primera mano. Los detalles de los accidentes no han sido verificados independientemente por nuestro personal y podr\u00edan no representar la historia completa. Si tiene informaci\u00f3n que deber\u00eda incluirse o conoce alguna inexactitud en estos art\u00edculos, por favor, h\u00e1ganoslo saber y ajustaremos la publicaci\u00f3n seg\u00fan corresponda.<\/p>\n\n\n\n<h3 class=\"wp-block-heading\">Descargo de responsabilidad:<\/h3>\n\n\n\n<p>En The Cottle Firm, somos miembros orgullosos y activos de la comunidad local y nos esforzamos por mejorar la vida de todos en el estado de Nevada. Estamos devastados por estos accidentes, pero esperamos que al crear conciencia sobre ellos, podamos proteger mejor a nuestras comunidades y prevenir que estos accidentes ocurran en el futuro. Estas historias no constituyen una solicitud de negocios, y la informaci\u00f3n incluida no debe interpretarse como asesoramiento m\u00e9dico o legal. Deseamos una pronta recuperaci\u00f3n a todos los heridos y acompa\u00f1amos con sentimiento a los amigos y familiares de los seres queridos fallecidos. Las fotos que se muestran en estas publicaciones no representan el lugar real del accidente.<\/p>\n\n\n\n<div style=\"height:20px\" aria-hidden=\"true\" class=\"wp-block-spacer\"><\/div>\n\n\n\n<iframe src=\"https:\/\/www.google.com\/maps\/embed?pb=!1m10!1m8!1m3!1d6070.789490675937!2d-116.218689!3d40.813304!3m2!1i1024!2i768!4f13.1!5e1!3m2!1sen!2sus!4v1757597572574!5m2!1sen!2sus\" width=\"600\" height=\"450\" style=\"border:0;\" allowfullscreen=\"\" loading=\"lazy\" referrerpolicy=\"no-referrer-when-downgrade\"><\/iframe>\n\n\n\n<div style=\"height:50px\" aria-hidden=\"true\" class=\"wp-block-spacer\"><\/div>\n\n\n\n<iframe src=\"https:\/\/www.google.com\/maps\/embed?pb=!1m10!1m8!1m3!1d6070.789490675937!2d-116.218689!3d40.813304!3m2!1i1024!2i768!4f13.1!5e1!3m2!1sen!2sus!4v1757597635619!5m2!1sen!2sus\" width=\"600\" height=\"450\" style=\"border:0;\" allowfullscreen=\"\" loading=\"lazy\" referrerpolicy=\"no-referrer-when-downgrade\"><\/iframe>\n\n\n\n<div style=\"height:20px\" aria-hidden=\"true\" class=\"wp-block-spacer\"><\/div>","protected":false},"excerpt":{"rendered":"<p>UPDATE-The identities of the deceased from Saturday&#8217;s crash in the northeast Valley between a tractor-trailer and a bus carrying mineworkers have been&#8230;<\/p>","protected":false},"author":1,"featured_media":4368,"comment_status":"open","ping_status":"open","sticky":false,"template":"","format":"standard","meta":{"_acf_changed":false,"footnotes":""},"categories":[39],"tags":[],"class_list":["post-4367","post","type-post","status-publish","format-standard","has-post-thumbnail","hentry","category-las-vegas-accident-news"],"acf":[],"yoast_head":"<!-- This site is optimized with the Yoast SEO plugin v27.5 - https:\/\/yoast.com\/product\/yoast-seo-wordpress\/ -->\n<title>Carlin, NV-UPDATE- Identities Of Deceased Released From Head-On Crash At NV-766 | The Cottle Firm<\/title>\n<meta name=\"description\" content=\"UPDATE-The identities of the deceased from Saturday&#039;s crash in the northeast Valley between a tractor-trailer and a bus carrying mineworkers have been...\" \/>\n<meta name=\"robots\" content=\"index, follow, max-snippet:-1, max-image-preview:large, max-video-preview:-1\" \/>\n<link rel=\"canonical\" href=\"https:\/\/cottlefirm.com\/es\/2019\/08\/26\/carlin-nv-update-identities-of-deceased-released-from-head-on-crash-at-nv-766\/\" \/>\n<meta property=\"og:locale\" content=\"es_ES\" \/>\n<meta property=\"og:type\" content=\"article\" \/>\n<meta property=\"og:title\" content=\"Carlin, NV-UPDATE- Identities Of Deceased Released From Head-On Crash At NV-766 | The Cottle Firm\" \/>\n<meta property=\"og:description\" content=\"UPDATE-The identities of the deceased from Saturday&#039;s crash in the northeast Valley between a tractor-trailer and a bus carrying mineworkers have been...\" \/>\n<meta property=\"og:url\" content=\"https:\/\/cottlefirm.com\/es\/2019\/08\/26\/carlin-nv-update-identities-of-deceased-released-from-head-on-crash-at-nv-766\/\" \/>\n<meta property=\"og:site_name\" content=\"The Cottle Firm\" \/>\n<meta property=\"article:published_time\" content=\"2019-08-26T09:21:41+00:00\" \/>\n<meta property=\"article:modified_time\" content=\"2025-09-11T13:37:56+00:00\" \/>\n<meta property=\"og:image\" content=\"https:\/\/cottlefirm.com\/wp-content\/uploads\/2025\/09\/Capture-12.jpg\" \/>\n\t<meta property=\"og:image:width\" content=\"598\" \/>\n\t<meta property=\"og:image:height\" content=\"398\" \/>\n\t<meta property=\"og:image:type\" content=\"image\/jpeg\" \/>\n<meta name=\"author\" content=\"admin\" \/>\n<meta name=\"twitter:card\" content=\"summary_large_image\" \/>\n<meta name=\"twitter:label1\" content=\"Escrito por\" \/>\n\t<meta name=\"twitter:data1\" content=\"admin\" \/>\n\t<meta name=\"twitter:label2\" content=\"Tiempo de lectura\" \/>\n\t<meta name=\"twitter:data2\" content=\"3 minutos\" \/>\n<script type=\"application\/ld+json\" class=\"yoast-schema-graph\">{\"@context\":\"https:\\\/\\\/schema.org\",\"@graph\":[{\"@type\":\"Article\",\"@id\":\"https:\\\/\\\/cottlefirm.com\\\/es\\\/2019\\\/08\\\/26\\\/carlin-nv-update-identities-of-deceased-released-from-head-on-crash-at-nv-766\\\/#article\",\"isPartOf\":{\"@id\":\"https:\\\/\\\/cottlefirm.com\\\/es\\\/2019\\\/08\\\/26\\\/carlin-nv-update-identities-of-deceased-released-from-head-on-crash-at-nv-766\\\/\"},\"author\":{\"name\":\"admin\",\"@id\":\"https:\\\/\\\/cottlefirm.com\\\/es\\\/#\\\/schema\\\/person\\\/9bef06fff04893f0e01656857256a3d2\"},\"headline\":\"Carlin, NV-UPDATE- Identities Of Deceased Released From Head-On Crash At NV-766\",\"datePublished\":\"2019-08-26T09:21:41+00:00\",\"dateModified\":\"2025-09-11T13:37:56+00:00\",\"mainEntityOfPage\":{\"@id\":\"https:\\\/\\\/cottlefirm.com\\\/es\\\/2019\\\/08\\\/26\\\/carlin-nv-update-identities-of-deceased-released-from-head-on-crash-at-nv-766\\\/\"},\"wordCount\":547,\"commentCount\":0,\"publisher\":{\"@id\":\"https:\\\/\\\/cottlefirm.com\\\/es\\\/#organization\"},\"image\":{\"@id\":\"https:\\\/\\\/cottlefirm.com\\\/es\\\/2019\\\/08\\\/26\\\/carlin-nv-update-identities-of-deceased-released-from-head-on-crash-at-nv-766\\\/#primaryimage\"},\"thumbnailUrl\":\"https:\\\/\\\/cottlefirm.com\\\/wp-content\\\/uploads\\\/2025\\\/09\\\/Capture-12.jpg\",\"articleSection\":[\"Las Vegas Accident News\"],\"inLanguage\":\"es\",\"potentialAction\":[{\"@type\":\"CommentAction\",\"name\":\"Comment\",\"target\":[\"https:\\\/\\\/cottlefirm.com\\\/es\\\/2019\\\/08\\\/26\\\/carlin-nv-update-identities-of-deceased-released-from-head-on-crash-at-nv-766\\\/#respond\"]}]},{\"@type\":\"WebPage\",\"@id\":\"https:\\\/\\\/cottlefirm.com\\\/es\\\/2019\\\/08\\\/26\\\/carlin-nv-update-identities-of-deceased-released-from-head-on-crash-at-nv-766\\\/\",\"url\":\"https:\\\/\\\/cottlefirm.com\\\/es\\\/2019\\\/08\\\/26\\\/carlin-nv-update-identities-of-deceased-released-from-head-on-crash-at-nv-766\\\/\",\"name\":\"Carlin, NV-UPDATE- Identities Of Deceased Released From Head-On Crash At NV-766 | The Cottle Firm\",\"isPartOf\":{\"@id\":\"https:\\\/\\\/cottlefirm.com\\\/es\\\/#website\"},\"primaryImageOfPage\":{\"@id\":\"https:\\\/\\\/cottlefirm.com\\\/es\\\/2019\\\/08\\\/26\\\/carlin-nv-update-identities-of-deceased-released-from-head-on-crash-at-nv-766\\\/#primaryimage\"},\"image\":{\"@id\":\"https:\\\/\\\/cottlefirm.com\\\/es\\\/2019\\\/08\\\/26\\\/carlin-nv-update-identities-of-deceased-released-from-head-on-crash-at-nv-766\\\/#primaryimage\"},\"thumbnailUrl\":\"https:\\\/\\\/cottlefirm.com\\\/wp-content\\\/uploads\\\/2025\\\/09\\\/Capture-12.jpg\",\"datePublished\":\"2019-08-26T09:21:41+00:00\",\"dateModified\":\"2025-09-11T13:37:56+00:00\",\"description\":\"UPDATE-The identities of the deceased from Saturday's crash in the northeast Valley between a tractor-trailer and a bus carrying mineworkers have been...\",\"breadcrumb\":{\"@id\":\"https:\\\/\\\/cottlefirm.com\\\/es\\\/2019\\\/08\\\/26\\\/carlin-nv-update-identities-of-deceased-released-from-head-on-crash-at-nv-766\\\/#breadcrumb\"},\"inLanguage\":\"es\",\"potentialAction\":[{\"@type\":\"ReadAction\",\"target\":[\"https:\\\/\\\/cottlefirm.com\\\/es\\\/2019\\\/08\\\/26\\\/carlin-nv-update-identities-of-deceased-released-from-head-on-crash-at-nv-766\\\/\"]}]},{\"@type\":\"ImageObject\",\"inLanguage\":\"es\",\"@id\":\"https:\\\/\\\/cottlefirm.com\\\/es\\\/2019\\\/08\\\/26\\\/carlin-nv-update-identities-of-deceased-released-from-head-on-crash-at-nv-766\\\/#primaryimage\",\"url\":\"https:\\\/\\\/cottlefirm.com\\\/wp-content\\\/uploads\\\/2025\\\/09\\\/Capture-12.jpg\",\"contentUrl\":\"https:\\\/\\\/cottlefirm.com\\\/wp-content\\\/uploads\\\/2025\\\/09\\\/Capture-12.jpg\",\"width\":598,\"height\":398},{\"@type\":\"BreadcrumbList\",\"@id\":\"https:\\\/\\\/cottlefirm.com\\\/es\\\/2019\\\/08\\\/26\\\/carlin-nv-update-identities-of-deceased-released-from-head-on-crash-at-nv-766\\\/#breadcrumb\",\"itemListElement\":[{\"@type\":\"ListItem\",\"position\":1,\"name\":\"Portada\",\"item\":\"https:\\\/\\\/cottlefirm.com\\\/\"},{\"@type\":\"ListItem\",\"position\":2,\"name\":\"Carlin, NV-UPDATE- Identities Of Deceased Released From Head-On Crash At NV-766\"}]},{\"@type\":\"WebSite\",\"@id\":\"https:\\\/\\\/cottlefirm.com\\\/es\\\/#website\",\"url\":\"https:\\\/\\\/cottlefirm.com\\\/es\\\/\",\"name\":\"The Cottle Firm\",\"description\":\"Las Vegas Personal Injury Lawyers\",\"publisher\":{\"@id\":\"https:\\\/\\\/cottlefirm.com\\\/es\\\/#organization\"},\"potentialAction\":[{\"@type\":\"SearchAction\",\"target\":{\"@type\":\"EntryPoint\",\"urlTemplate\":\"https:\\\/\\\/cottlefirm.com\\\/es\\\/?s={search_term_string}\"},\"query-input\":{\"@type\":\"PropertyValueSpecification\",\"valueRequired\":true,\"valueName\":\"search_term_string\"}}],\"inLanguage\":\"es\"},{\"@type\":\"Organization\",\"@id\":\"https:\\\/\\\/cottlefirm.com\\\/es\\\/#organization\",\"name\":\"The Cottle Firm\",\"url\":\"https:\\\/\\\/cottlefirm.com\\\/es\\\/\",\"logo\":{\"@type\":\"ImageObject\",\"inLanguage\":\"es\",\"@id\":\"https:\\\/\\\/cottlefirm.com\\\/es\\\/#\\\/schema\\\/logo\\\/image\\\/\",\"url\":\"https:\\\/\\\/cottlefirm.com\\\/wp-content\\\/uploads\\\/2025\\\/09\\\/logo.svg\",\"contentUrl\":\"https:\\\/\\\/cottlefirm.com\\\/wp-content\\\/uploads\\\/2025\\\/09\\\/logo.svg\",\"caption\":\"The Cottle Firm\"},\"image\":{\"@id\":\"https:\\\/\\\/cottlefirm.com\\\/es\\\/#\\\/schema\\\/logo\\\/image\\\/\"}},{\"@type\":\"Person\",\"@id\":\"https:\\\/\\\/cottlefirm.com\\\/es\\\/#\\\/schema\\\/person\\\/9bef06fff04893f0e01656857256a3d2\",\"name\":\"admin\",\"image\":{\"@type\":\"ImageObject\",\"inLanguage\":\"es\",\"@id\":\"https:\\\/\\\/secure.gravatar.com\\\/avatar\\\/c2f7688ec973cdaa2a9068e759ba0dcaed40d63579f1d3b64be634b511ad0167?s=96&d=mm&r=g\",\"url\":\"https:\\\/\\\/secure.gravatar.com\\\/avatar\\\/c2f7688ec973cdaa2a9068e759ba0dcaed40d63579f1d3b64be634b511ad0167?s=96&d=mm&r=g\",\"contentUrl\":\"https:\\\/\\\/secure.gravatar.com\\\/avatar\\\/c2f7688ec973cdaa2a9068e759ba0dcaed40d63579f1d3b64be634b511ad0167?s=96&d=mm&r=g\",\"caption\":\"admin\"},\"sameAs\":[\"https:\\\/\\\/cottlefirm.com\"],\"url\":\"https:\\\/\\\/cottlefirm.com\\\/es\\\/author\\\/admin\\\/\"}]}<\/script>\n<!-- \/ Yoast SEO plugin. -->","yoast_head_json":{"title":"Carlin, NV-UPDATE- Identities Of Deceased Released From Head-On Crash At NV-766 | The Cottle Firm","description":"UPDATE-The identities of the deceased from Saturday's crash in the northeast Valley between a tractor-trailer and a bus carrying mineworkers have been...","robots":{"index":"index","follow":"follow","max-snippet":"max-snippet:-1","max-image-preview":"max-image-preview:large","max-video-preview":"max-video-preview:-1"},"canonical":"https:\/\/cottlefirm.com\/es\/2019\/08\/26\/carlin-nv-update-identities-of-deceased-released-from-head-on-crash-at-nv-766\/","og_locale":"es_ES","og_type":"article","og_title":"Carlin, NV-UPDATE- Identities Of Deceased Released From Head-On Crash At NV-766 | The Cottle Firm","og_description":"UPDATE-The identities of the deceased from Saturday's crash in the northeast Valley between a tractor-trailer and a bus carrying mineworkers have been...","og_url":"https:\/\/cottlefirm.com\/es\/2019\/08\/26\/carlin-nv-update-identities-of-deceased-released-from-head-on-crash-at-nv-766\/","og_site_name":"The Cottle Firm","article_published_time":"2019-08-26T09:21:41+00:00","article_modified_time":"2025-09-11T13:37:56+00:00","og_image":[{"width":598,"height":398,"url":"https:\/\/cottlefirm.com\/wp-content\/uploads\/2025\/09\/Capture-12.jpg","type":"image\/jpeg"}],"author":"admin","twitter_card":"summary_large_image","twitter_misc":{"Escrito por":"admin","Tiempo de lectura":"3 minutos"},"schema":{"@context":"https:\/\/schema.org","@graph":[{"@type":"Article","@id":"https:\/\/cottlefirm.com\/es\/2019\/08\/26\/carlin-nv-update-identities-of-deceased-released-from-head-on-crash-at-nv-766\/#article","isPartOf":{"@id":"https:\/\/cottlefirm.com\/es\/2019\/08\/26\/carlin-nv-update-identities-of-deceased-released-from-head-on-crash-at-nv-766\/"},"author":{"name":"admin","@id":"https:\/\/cottlefirm.com\/es\/#\/schema\/person\/9bef06fff04893f0e01656857256a3d2"},"headline":"Carlin, NV-UPDATE- Identities Of Deceased Released From Head-On Crash At NV-766","datePublished":"2019-08-26T09:21:41+00:00","dateModified":"2025-09-11T13:37:56+00:00","mainEntityOfPage":{"@id":"https:\/\/cottlefirm.com\/es\/2019\/08\/26\/carlin-nv-update-identities-of-deceased-released-from-head-on-crash-at-nv-766\/"},"wordCount":547,"commentCount":0,"publisher":{"@id":"https:\/\/cottlefirm.com\/es\/#organization"},"image":{"@id":"https:\/\/cottlefirm.com\/es\/2019\/08\/26\/carlin-nv-update-identities-of-deceased-released-from-head-on-crash-at-nv-766\/#primaryimage"},"thumbnailUrl":"https:\/\/cottlefirm.com\/wp-content\/uploads\/2025\/09\/Capture-12.jpg","articleSection":["Las Vegas Accident News"],"inLanguage":"es","potentialAction":[{"@type":"CommentAction","name":"Comment","target":["https:\/\/cottlefirm.com\/es\/2019\/08\/26\/carlin-nv-update-identities-of-deceased-released-from-head-on-crash-at-nv-766\/#respond"]}]},{"@type":"WebPage","@id":"https:\/\/cottlefirm.com\/es\/2019\/08\/26\/carlin-nv-update-identities-of-deceased-released-from-head-on-crash-at-nv-766\/","url":"https:\/\/cottlefirm.com\/es\/2019\/08\/26\/carlin-nv-update-identities-of-deceased-released-from-head-on-crash-at-nv-766\/","name":"Carlin, NV-UPDATE- Identities Of Deceased Released From Head-On Crash At NV-766 | The Cottle Firm","isPartOf":{"@id":"https:\/\/cottlefirm.com\/es\/#website"},"primaryImageOfPage":{"@id":"https:\/\/cottlefirm.com\/es\/2019\/08\/26\/carlin-nv-update-identities-of-deceased-released-from-head-on-crash-at-nv-766\/#primaryimage"},"image":{"@id":"https:\/\/cottlefirm.com\/es\/2019\/08\/26\/carlin-nv-update-identities-of-deceased-released-from-head-on-crash-at-nv-766\/#primaryimage"},"thumbnailUrl":"https:\/\/cottlefirm.com\/wp-content\/uploads\/2025\/09\/Capture-12.jpg","datePublished":"2019-08-26T09:21:41+00:00","dateModified":"2025-09-11T13:37:56+00:00","description":"UPDATE-The identities of the deceased from Saturday's crash in the northeast Valley between a tractor-trailer and a bus carrying mineworkers have been...","breadcrumb":{"@id":"https:\/\/cottlefirm.com\/es\/2019\/08\/26\/carlin-nv-update-identities-of-deceased-released-from-head-on-crash-at-nv-766\/#breadcrumb"},"inLanguage":"es","potentialAction":[{"@type":"ReadAction","target":["https:\/\/cottlefirm.com\/es\/2019\/08\/26\/carlin-nv-update-identities-of-deceased-released-from-head-on-crash-at-nv-766\/"]}]},{"@type":"ImageObject","inLanguage":"es","@id":"https:\/\/cottlefirm.com\/es\/2019\/08\/26\/carlin-nv-update-identities-of-deceased-released-from-head-on-crash-at-nv-766\/#primaryimage","url":"https:\/\/cottlefirm.com\/wp-content\/uploads\/2025\/09\/Capture-12.jpg","contentUrl":"https:\/\/cottlefirm.com\/wp-content\/uploads\/2025\/09\/Capture-12.jpg","width":598,"height":398},{"@type":"BreadcrumbList","@id":"https:\/\/cottlefirm.com\/es\/2019\/08\/26\/carlin-nv-update-identities-of-deceased-released-from-head-on-crash-at-nv-766\/#breadcrumb","itemListElement":[{"@type":"ListItem","position":1,"name":"Portada","item":"https:\/\/cottlefirm.com\/"},{"@type":"ListItem","position":2,"name":"Carlin, NV-UPDATE- Identities Of Deceased Released From Head-On Crash At NV-766"}]},{"@type":"WebSite","@id":"https:\/\/cottlefirm.com\/es\/#website","url":"https:\/\/cottlefirm.com\/es\/","name":"La empresa Cottle","description":"Las Vegas Personal Injury Lawyers","publisher":{"@id":"https:\/\/cottlefirm.com\/es\/#organization"},"potentialAction":[{"@type":"SearchAction","target":{"@type":"EntryPoint","urlTemplate":"https:\/\/cottlefirm.com\/es\/?s={search_term_string}"},"query-input":{"@type":"PropertyValueSpecification","valueRequired":true,"valueName":"search_term_string"}}],"inLanguage":"es"},{"@type":"Organization","@id":"https:\/\/cottlefirm.com\/es\/#organization","name":"La empresa Cottle","url":"https:\/\/cottlefirm.com\/es\/","logo":{"@type":"ImageObject","inLanguage":"es","@id":"https:\/\/cottlefirm.com\/es\/#\/schema\/logo\/image\/","url":"https:\/\/cottlefirm.com\/wp-content\/uploads\/2025\/09\/logo.svg","contentUrl":"https:\/\/cottlefirm.com\/wp-content\/uploads\/2025\/09\/logo.svg","caption":"The Cottle Firm"},"image":{"@id":"https:\/\/cottlefirm.com\/es\/#\/schema\/logo\/image\/"}},{"@type":"Person","@id":"https:\/\/cottlefirm.com\/es\/#\/schema\/person\/9bef06fff04893f0e01656857256a3d2","name":"admin","image":{"@type":"ImageObject","inLanguage":"es","@id":"https:\/\/secure.gravatar.com\/avatar\/c2f7688ec973cdaa2a9068e759ba0dcaed40d63579f1d3b64be634b511ad0167?s=96&d=mm&r=g","url":"https:\/\/secure.gravatar.com\/avatar\/c2f7688ec973cdaa2a9068e759ba0dcaed40d63579f1d3b64be634b511ad0167?s=96&d=mm&r=g","contentUrl":"https:\/\/secure.gravatar.com\/avatar\/c2f7688ec973cdaa2a9068e759ba0dcaed40d63579f1d3b64be634b511ad0167?s=96&d=mm&r=g","caption":"admin"},"sameAs":["https:\/\/cottlefirm.com"],"url":"https:\/\/cottlefirm.com\/es\/author\/admin\/"}]}},"_links":{"self":[{"href":"https:\/\/cottlefirm.com\/es\/wp-json\/wp\/v2\/posts\/4367","targetHints":{"allow":["GET"]}}],"collection":[{"href":"https:\/\/cottlefirm.com\/es\/wp-json\/wp\/v2\/posts"}],"about":[{"href":"https:\/\/cottlefirm.com\/es\/wp-json\/wp\/v2\/types\/post"}],"author":[{"embeddable":true,"href":"https:\/\/cottlefirm.com\/es\/wp-json\/wp\/v2\/users\/1"}],"replies":[{"embeddable":true,"href":"https:\/\/cottlefirm.com\/es\/wp-json\/wp\/v2\/comments?post=4367"}],"version-history":[{"count":0,"href":"https:\/\/cottlefirm.com\/es\/wp-json\/wp\/v2\/posts\/4367\/revisions"}],"wp:featuredmedia":[{"embeddable":true,"href":"https:\/\/cottlefirm.com\/es\/wp-json\/wp\/v2\/media\/4368"}],"wp:attachment":[{"href":"https:\/\/cottlefirm.com\/es\/wp-json\/wp\/v2\/media?parent=4367"}],"wp:term":[{"taxonomy":"category","embeddable":true,"href":"https:\/\/cottlefirm.com\/es\/wp-json\/wp\/v2\/categories?post=4367"},{"taxonomy":"post_tag","embeddable":true,"href":"https:\/\/cottlefirm.com\/es\/wp-json\/wp\/v2\/tags?post=4367"}],"curies":[{"name":"wp","href":"https:\/\/api.w.org\/{rel}","templated":true}]}}